{"id":11485,"date":"2026-05-03T09:31:23","date_gmt":"2026-05-03T09:31:23","guid":{"rendered":"https:\/\/gi-imperios.org\/blog\/?p=11485"},"modified":"2026-04-17T07:46:38","modified_gmt":"2026-04-17T07:46:38","slug":"o-programa-do-movimento-das-forcas-armadas-e-as-origens-dos-tres-des-de-abril-entrevista-com-o-almirante-manuel-martins-guerreiro","status":"publish","type":"post","link":"https:\/\/gi-imperios.org\/blog\/pt\/o-programa-do-movimento-das-forcas-armadas-e-as-origens-dos-tres-des-de-abril-entrevista-com-o-almirante-manuel-martins-guerreiro\/","title":{"rendered":"O programa do Movimento das For\u00e7as Armadas e as origens dos \u201ctr\u00eas D\u00eas\u201d de Abril: entrevista com o almirante Manuel Martins Guerreiro"},"content":{"rendered":"<p><img loading=\"lazy\" decoding=\"async\" class=\"size-medium wp-image-11465 alignleft\" src=\"https:\/\/gi-imperios.org\/blog\/wp-content\/uploads\/2025\/12\/cover_issue_2176_pt_PT-209x300.jpg\" alt=\"\" width=\"209\" height=\"300\" srcset=\"https:\/\/gi-imperios.org\/blog\/wp-content\/uploads\/2025\/12\/cover_issue_2176_pt_PT-209x300.jpg 209w, https:\/\/gi-imperios.org\/blog\/wp-content\/uploads\/2025\/12\/cover_issue_2176_pt_PT-712x1024.jpg 712w, https:\/\/gi-imperios.org\/blog\/wp-content\/uploads\/2025\/12\/cover_issue_2176_pt_PT-768x1104.jpg 768w, https:\/\/gi-imperios.org\/blog\/wp-content\/uploads\/2025\/12\/cover_issue_2176_pt_PT-1068x1536.jpg 1068w, https:\/\/gi-imperios.org\/blog\/wp-content\/uploads\/2025\/12\/cover_issue_2176_pt_PT-1425x2048.jpg 1425w, https:\/\/gi-imperios.org\/blog\/wp-content\/uploads\/2025\/12\/cover_issue_2176_pt_PT-250x359.jpg 250w, https:\/\/gi-imperios.org\/blog\/wp-content\/uploads\/2025\/12\/cover_issue_2176_pt_PT-550x791.jpg 550w, https:\/\/gi-imperios.org\/blog\/wp-content\/uploads\/2025\/12\/cover_issue_2176_pt_PT-800x1150.jpg 800w, https:\/\/gi-imperios.org\/blog\/wp-content\/uploads\/2025\/12\/cover_issue_2176_pt_PT-125x180.jpg 125w, https:\/\/gi-imperios.org\/blog\/wp-content\/uploads\/2025\/12\/cover_issue_2176_pt_PT-348x500.jpg 348w, https:\/\/gi-imperios.org\/blog\/wp-content\/uploads\/2025\/12\/cover_issue_2176_pt_PT-1320x1898.jpg 1320w, https:\/\/gi-imperios.org\/blog\/wp-content\/uploads\/2025\/12\/cover_issue_2176_pt_PT-scaled.jpg 1781w\" sizes=\"auto, (max-width: 209px) 100vw, 209px\" \/><\/p>\n<p style=\"font-weight: 400;\"><em>O programa do Movimento das For\u00e7as Armadas e as origens dos \u201ctr\u00eas D\u00eas\u201d de Abril: entrevista com o almirante Manuel Martins Guerreiro<\/em><\/p>\n<p>Entrevista com o almirante Manuel Martins Guerreiro sobre o programa do MFA e as origens dos \u201ctr\u00eas D\u00eas\u201d de Abril. Por Annarita Gori e Ricardo Roque, no n\u00famero tem\u00e1tico <em>Democratizar. Descolonizar. Desenvolver. O 25 de Abril e o futuro das ci\u00eancias sociais<\/em> na revista An\u00e1lise Social que ambos editaram.<\/p>\n<p>Nesta entrevista, os editores deste n\u00famero da An\u00e1lise Social conver-sam com o almirante Manuel Beir\u00e3o Martins Guerreiro, um dos protagonistas do Movimento das For\u00e7as Armadas (mfa), sobre a hist\u00f3ria do programa do mfa, dando especial aten\u00e7\u00e3o ao percurso do con-ceito dos \u201ctr\u00eas D\u00eas\u201d antes e depois do primeiro dia da Revolu\u00e7\u00e3o de Abril de 1974.1 Oficial de carreira da Marinha, Manuel Martins Guerreiro formou-se na Escola Naval e prestou servi\u00e7o na guerra em Angola e na Guin\u00e9, entre 1962 e 1964. Posteriormente, foi selecionado para frequentar o curso de Engenharia Naval e Mec\u00e2nica em G\u00e9nova, que concluiu em 1969. Ao longo da sua carreira, desempenhou um papel central na organiza\u00e7\u00e3o do movimento pol\u00edtico no seio da Marinha, que viria a contribuir decisivamente para a prepara\u00e7\u00e3o do 25 de Abril de 1974 \u2013 interven\u00e7\u00e3o pela qual foi condecorado com a Gr\u00e3-Cruz da Ordem da Liberdade. Participou nos principais \u00f3rg\u00e3os do mfa e, no per\u00edodo revolucion\u00e1rio, integrou o Conselho da Revolu\u00e7\u00e3o, desde a sua cria\u00e7\u00e3o, em 1975, at\u00e9 \u00e0 sua dissolu\u00e7\u00e3o, em 1982.<\/p>\n<p>palavras-chave: <span data-v-f0b31360=\"\" data-v-86c27100=\"\">descoloniza\u00e7\u00e3o, democracia, hist\u00f3ria oral<\/span><\/p>\n<p>Refer\u00eancia: Gori, A., &amp; Roque, R. (2025). O programa do Movimento das For\u00e7as Armadas e as origens dos \u201ctr\u00eas D\u00eas\u201d de Abril: entrevista com o almirante Manuel Martins Guerreiro.\u00a0<i>An\u00e1lise Social<\/i>,\u00a0<i>60<\/i>(257), e44081. <a href=\"https:\/\/doi.org\/10.31447\/44081\" target=\"_blank\" rel=\"noopener\">https:\/\/doi.org\/10.31447\/44081<\/a><\/p>\n","protected":false},"excerpt":{"rendered":"<p>Por ocasi\u00e3o dos 50 anos do 25 de Abril, entrevista a Manuel Martins Guerreiro, pelos editores do n\u00famero tem\u00e1tico da An\u00e1lise Social, dedicado aos 3 D&#8217;s, por Annarita Gori e Ricardo Roque. An\u00e1lise Social, 2025.\u00a0Acesso aberto.<\/p>\n","protected":false},"author":4,"featured_media":11468,"comment_status":"closed","ping_status":"closed","sticky":false,"template":"","format":"standard","meta":{"_cbd_carousel_blocks":"[]","_exactmetrics_skip_tracking":false,"_exactmetrics_sitenote_active":false,"_exactmetrics_sitenote_note":"","_exactmetrics_sitenote_category":0,"footnotes":""},"categories":[77,40],"tags":[99,121,312,328,387],"class_list":["post-11485","post","type-post","status-publish","format-standard","has-post-thumbnail","hentry","category-publicacao","category-investigacao","tag-decolonization","tag-portugal","tag-colonialismo","tag-mozambique","tag-oral-history"],"translation":{"provider":"WPGlobus","version":"3.0.0","language":"pt","enabled_languages":["en","pt"],"languages":{"en":{"title":true,"content":true,"excerpt":true},"pt":{"title":true,"content":true,"excerpt":true}}},"_links":{"self":[{"href":"https:\/\/gi-imperios.org\/blog\/pt\/wp-json\/wp\/v2\/posts\/11485","targetHints":{"allow":["GET"]}}],"collection":[{"href":"https:\/\/gi-imperios.org\/blog\/pt\/wp-json\/wp\/v2\/posts"}],"about":[{"href":"https:\/\/gi-imperios.org\/blog\/pt\/wp-json\/wp\/v2\/types\/post"}],"author":[{"embeddable":true,"href":"https:\/\/gi-imperios.org\/blog\/pt\/wp-json\/wp\/v2\/users\/4"}],"replies":[{"embeddable":true,"href":"https:\/\/gi-imperios.org\/blog\/pt\/wp-json\/wp\/v2\/comments?post=11485"}],"version-history":[{"count":4,"href":"https:\/\/gi-imperios.org\/blog\/pt\/wp-json\/wp\/v2\/posts\/11485\/revisions"}],"predecessor-version":[{"id":11532,"href":"https:\/\/gi-imperios.org\/blog\/pt\/wp-json\/wp\/v2\/posts\/11485\/revisions\/11532"}],"wp:featuredmedia":[{"embeddable":true,"href":"https:\/\/gi-imperios.org\/blog\/pt\/wp-json\/wp\/v2\/media\/11468"}],"wp:attachment":[{"href":"https:\/\/gi-imperios.org\/blog\/pt\/wp-json\/wp\/v2\/media?parent=11485"}],"wp:term":[{"taxonomy":"category","embeddable":true,"href":"https:\/\/gi-imperios.org\/blog\/pt\/wp-json\/wp\/v2\/categories?post=11485"},{"taxonomy":"post_tag","embeddable":true,"href":"https:\/\/gi-imperios.org\/blog\/pt\/wp-json\/wp\/v2\/tags?post=11485"}],"curies":[{"name":"wp","href":"https:\/\/api.w.org\/{rel}","templated":true}]}}