{"id":11686,"date":"2026-04-27T10:20:26","date_gmt":"2026-04-27T10:20:26","guid":{"rendered":"https:\/\/gi-imperios.org\/blog\/?p=11686"},"modified":"2026-04-02T15:15:02","modified_gmt":"2026-04-02T15:15:02","slug":"seminario-2","status":"publish","type":"post","link":"https:\/\/gi-imperios.org\/blog\/pt\/seminario-2\/","title":{"rendered":"Palestra &#8220;Trabalhadores livres e o fim da escravid\u00e3o no Brasil&#8221;, com Renata Figueiredo Moraes (UERJ)"},"content":{"rendered":"<div class=\"field field-name-title-field field-type-text field-label-hidden\">\n<div class=\"field-items\">\n<div class=\"field-item even\"><img loading=\"lazy\" decoding=\"async\" class=\"alignnone size-medium wp-image-11699 alignleft\" src=\"https:\/\/gi-imperios.org\/blog\/wp-content\/uploads\/2026\/03\/Palestra-Moraes-1-212x300.jpg\" alt=\"\" width=\"212\" height=\"300\" srcset=\"https:\/\/gi-imperios.org\/blog\/wp-content\/uploads\/2026\/03\/Palestra-Moraes-1-212x300.jpg 212w, https:\/\/gi-imperios.org\/blog\/wp-content\/uploads\/2026\/03\/Palestra-Moraes-1-724x1024.jpg 724w, https:\/\/gi-imperios.org\/blog\/wp-content\/uploads\/2026\/03\/Palestra-Moraes-1-768x1086.jpg 768w, https:\/\/gi-imperios.org\/blog\/wp-content\/uploads\/2026\/03\/Palestra-Moraes-1-1086x1536.jpg 1086w, https:\/\/gi-imperios.org\/blog\/wp-content\/uploads\/2026\/03\/Palestra-Moraes-1-250x354.jpg 250w, https:\/\/gi-imperios.org\/blog\/wp-content\/uploads\/2026\/03\/Palestra-Moraes-1-550x778.jpg 550w, https:\/\/gi-imperios.org\/blog\/wp-content\/uploads\/2026\/03\/Palestra-Moraes-1-800x1132.jpg 800w, https:\/\/gi-imperios.org\/blog\/wp-content\/uploads\/2026\/03\/Palestra-Moraes-1-127x180.jpg 127w, https:\/\/gi-imperios.org\/blog\/wp-content\/uploads\/2026\/03\/Palestra-Moraes-1-354x500.jpg 354w, https:\/\/gi-imperios.org\/blog\/wp-content\/uploads\/2026\/03\/Palestra-Moraes-1-1320x1867.jpg 1320w, https:\/\/gi-imperios.org\/blog\/wp-content\/uploads\/2026\/03\/Palestra-Moraes-1.jpg 1414w\" sizes=\"auto, (max-width: 212px) 100vw, 212px\" \/><strong><span style=\"color: black; font-family: arial, sans-serif; font-size: small;\"><span style=\"font-family: arial, helvetica, sans-serif; font-size: 12pt;\">Trabalhadores livres e o fim da escravid\u00e3o no Brasil<br \/>\n<\/span><\/span><\/strong><span style=\"color: black; font-family: arial, sans-serif; font-size: 10pt;\"><span style=\"font-family: arial, helvetica, sans-serif;\">Renata Figueiredo Moraes (Departamento de Hist\u00f3ria, Universidade do Estado do Rio de Janeiro)\u00a0<\/span><\/span><span style=\"color: black; font-family: arial, sans-serif; font-size: 10pt;\"><span style=\"font-family: arial, helvetica, sans-serif;\">29 Abril 2026 | 11h00 | Sala Maria de Sousa | ICS-ULisboa<\/span><\/span><span style=\"color: black; font-family: arial, sans-serif; font-size: 10pt;\"><span style=\"font-family: arial, helvetica, sans-serif;\"><strong>Resumo:<\/strong> Os estudos sobre os mundos do trabalho,\u00a0produzidos no Brasil, t\u00eam passado por significativas transforma\u00e7\u00f5es nos \u00faltimos anos.\u00a0Uma\u00a0das mais significativas diz respeito \u00e0s investiga\u00e7\u00f5es que incluem\u00a0os escravizados como parte fundamental da hist\u00f3ria do trabalho brasileira. Esta palestra revisita\u00a0o\u00a0movimento abolicionista da d\u00e9cada de 1880,\u00a0fundamental para as discuss\u00f5es parlamentares que levaram ao fim da escravid\u00e3o, abordando como\u00a0trabalhadores livres aderiram a esse movimento por meio de a\u00e7\u00f5es ligadas \u00e0 educa\u00e7\u00e3o, associativismo, imprensa e, tamb\u00e9m, na pol\u00edtica.<\/span><\/span><\/p>\n<\/div>\n<\/div>\n<\/div>\n","protected":false},"excerpt":{"rendered":"<p>Palestra intitulada &#8220;Trabalhadores livres e o fim da escravid\u00e3o no Brasil&#8221;, por Renata Figueiredo Moraes (UERJ), 29 Abril 2026 | 11h00 | Sala Maria de Sousa | ICS-ULisboa<\/p>\n","protected":false},"author":12,"featured_media":11687,"comment_status":"closed","ping_status":"closed","sticky":false,"template":"","format":"standard","meta":{"_cbd_carousel_blocks":"[]","_exactmetrics_skip_tracking":false,"_exactmetrics_sitenote_active":false,"_exactmetrics_sitenote_note":"","_exactmetrics_sitenote_category":0,"footnotes":""},"categories":[32,34],"tags":[333,113,410],"class_list":["post-11686","post","type-post","status-publish","format-standard","has-post-thumbnail","hentry","category-encontro","category-seminario","tag-abolitionism","tag-brazil","tag-slavery"],"translation":{"provider":"WPGlobus","version":"3.0.0","language":"pt","enabled_languages":["en","pt"],"languages":{"en":{"title":true,"content":true,"excerpt":true},"pt":{"title":true,"content":true,"excerpt":true}}},"_links":{"self":[{"href":"https:\/\/gi-imperios.org\/blog\/pt\/wp-json\/wp\/v2\/posts\/11686","targetHints":{"allow":["GET"]}}],"collection":[{"href":"https:\/\/gi-imperios.org\/blog\/pt\/wp-json\/wp\/v2\/posts"}],"about":[{"href":"https:\/\/gi-imperios.org\/blog\/pt\/wp-json\/wp\/v2\/types\/post"}],"author":[{"embeddable":true,"href":"https:\/\/gi-imperios.org\/blog\/pt\/wp-json\/wp\/v2\/users\/12"}],"replies":[{"embeddable":true,"href":"https:\/\/gi-imperios.org\/blog\/pt\/wp-json\/wp\/v2\/comments?post=11686"}],"version-history":[{"count":6,"href":"https:\/\/gi-imperios.org\/blog\/pt\/wp-json\/wp\/v2\/posts\/11686\/revisions"}],"predecessor-version":[{"id":11704,"href":"https:\/\/gi-imperios.org\/blog\/pt\/wp-json\/wp\/v2\/posts\/11686\/revisions\/11704"}],"wp:featuredmedia":[{"embeddable":true,"href":"https:\/\/gi-imperios.org\/blog\/pt\/wp-json\/wp\/v2\/media\/11687"}],"wp:attachment":[{"href":"https:\/\/gi-imperios.org\/blog\/pt\/wp-json\/wp\/v2\/media?parent=11686"}],"wp:term":[{"taxonomy":"category","embeddable":true,"href":"https:\/\/gi-imperios.org\/blog\/pt\/wp-json\/wp\/v2\/categories?post=11686"},{"taxonomy":"post_tag","embeddable":true,"href":"https:\/\/gi-imperios.org\/blog\/pt\/wp-json\/wp\/v2\/tags?post=11686"}],"curies":[{"name":"wp","href":"https:\/\/api.w.org\/{rel}","templated":true}]}}