{"id":1737,"date":"2018-06-25T15:20:11","date_gmt":"2018-06-25T15:20:11","guid":{"rendered":"https:\/\/gi-imperios.org\/blog\/?p=1737"},"modified":"2020-12-19T18:40:34","modified_gmt":"2020-12-19T18:40:34","slug":"subjetividades-escravas","status":"publish","type":"post","link":"https:\/\/gi-imperios.org\/blog\/pt\/subjetividades-escravas\/","title":{"rendered":"Confer\u00eancia Internacional \u00abSubjetividades Escravas nos Mundos Ib\u00e9ricos (s\u00e9c xv-xx)\u00bb"},"content":{"rendered":"<p><img loading=\"lazy\" decoding=\"async\" class=\"alignleft wp-image-1738 size-full\" src=\"https:\/\/gi-imperios.org\/blog\/wp-content\/uploads\/2018\/06\/subjetividades.jpg\" alt=\"cartaz subjetividades\" width=\"425\" height=\"593\" srcset=\"https:\/\/gi-imperios.org\/blog\/wp-content\/uploads\/2018\/06\/subjetividades.jpg 425w, https:\/\/gi-imperios.org\/blog\/wp-content\/uploads\/2018\/06\/subjetividades-215x300.jpg 215w\" sizes=\"auto, (max-width: 425px) 100vw, 425px\" \/>Nos dias 2 a 4 de julho tem lugar no ICS a confer\u00eancia internacional \u00abSubjetividades Escravas nos Mundos Ib\u00e9ricos (s\u00e9culos xv-xx)\u00bb. Esta confer\u00eancia tem como objetivo discutir as formas de estudar as experi\u00eancias das popula\u00e7\u00f5es escravizadas nos mundos ib\u00e9ricos, encorajando uma an\u00e1lise comparativa em rela\u00e7\u00e3o a diversos lugares e per\u00edodos hist\u00f3ricos. As apresenta\u00e7\u00f5es assentam sobre materiais emp\u00edricos, refletindo, ao mesmo tempo, conceptual e analiticamente, sobre as experi\u00eancias e subjectividades das pessoas escravizadas relacionadas com os seguintes aspectos:<\/p>\n<p>1)\u00a0As condi\u00e7\u00f5es te\u00f3ricas e metodol\u00f3gicas do estudo das \u201csubjectividades escravas\u201d nos mundos ib\u00e9ricos.<\/p>\n<p>2)\u00a0As diferentes dimens\u00f5es das \u201csubjectividades escravas\u201d.<\/p>\n<p>Ver\u00a0<a href=\"https:\/\/www.ics.ulisboa.pt\/sites\/ics.ulisboa.pt\/files\/events\/cartaz\/diptico_subjective_hd1.pdf\" target=\"_blank\" rel=\"noopener noreferrer\">Programa\u00a0<\/a>| <a href=\"https:\/\/www.ics.ulisboa.pt\/file\/9619\/download?token=uyaASK1l\" target=\"_blank\" rel=\"noopener noreferrer\">Cartaz<\/a><\/p>\n<p><strong>Coordena\u00e7\u00e3o:\u00a0<\/strong>\u00c2ngela BARRETO XAVIER (Universidade de Lisboa), Ant\u00f3nio CORREIA DA SILVA (Universidade de Cabo Verde), Cristina NOGUEIRA DA SILVA (Universidade Nova de Lisboa), Michel CAHEN (EHEHI &#8211; Casa de Vel\u00e1zquez \/ Sciences Po Bordeaux)<\/p>\n<p><strong>Organiza\u00e7\u00e3o:<\/strong>\u00a0\u00c9cole des hautes \u00e9tudes hispaniques et ib\u00e9riques (Casa de Vel\u00e1zquez, Madrid), Instituto de Ci\u00eancias Sociais da Universidade de Lisboa<\/p>\n<p><strong>Colabora\u00e7\u00e3o:<\/strong>\u00a0Funda\u00e7\u00e3o para a Ci\u00eancia e Tecnologia, Funda\u00e7\u00e3o Calouste Gulbenkian, Funda\u00e7\u00e3o Luso-Americana para o Desenvolvimento, C\u00e2mara Municipal de Lisboa, Comiss\u00e3o Nacional da Unesco Portugal<\/p>\n","protected":false},"excerpt":{"rendered":"<p>Entre 2 e 4 de Julho, juntam-se no ICS investigadores para discutir formas de estudar as experi\u00eancias das popula\u00e7\u00f5es escravizadas nos mundos ib\u00e9ricos, encorajando uma an\u00e1lise comparativa em rela\u00e7\u00e3o a diversos lugares e per\u00edodos hist\u00f3ricos.<\/p>\n","protected":false},"author":6,"featured_media":1739,"comment_status":"closed","ping_status":"closed","sticky":false,"template":"","format":"standard","meta":{"_cbd_carousel_blocks":"[]","_exactmetrics_skip_tracking":false,"_exactmetrics_sitenote_active":false,"_exactmetrics_sitenote_note":"","_exactmetrics_sitenote_category":0,"footnotes":""},"categories":[36,32],"tags":[205,68,113,189,204,123,206,112,207,121,188,141,122],"class_list":["post-1737","post","type-post","status-publish","format-standard","has-post-thumbnail","hentry","category-conferencia","category-encontro","tag-argentina","tag-asia","tag-brazil","tag-china","tag-cuba","tag-peninsula-iberica","tag-japao","tag-america-latina","tag-mexico","tag-portugal","tag-sao-tome-e-principe","tag-escravatura","tag-espanha"],"translation":{"provider":"WPGlobus","version":"3.0.0","language":"pt","enabled_languages":["en","pt"],"languages":{"en":{"title":true,"content":true,"excerpt":true},"pt":{"title":true,"content":true,"excerpt":true}}},"_links":{"self":[{"href":"https:\/\/gi-imperios.org\/blog\/pt\/wp-json\/wp\/v2\/posts\/1737","targetHints":{"allow":["GET"]}}],"collection":[{"href":"https:\/\/gi-imperios.org\/blog\/pt\/wp-json\/wp\/v2\/posts"}],"about":[{"href":"https:\/\/gi-imperios.org\/blog\/pt\/wp-json\/wp\/v2\/types\/post"}],"author":[{"embeddable":true,"href":"https:\/\/gi-imperios.org\/blog\/pt\/wp-json\/wp\/v2\/users\/6"}],"replies":[{"embeddable":true,"href":"https:\/\/gi-imperios.org\/blog\/pt\/wp-json\/wp\/v2\/comments?post=1737"}],"version-history":[{"count":15,"href":"https:\/\/gi-imperios.org\/blog\/pt\/wp-json\/wp\/v2\/posts\/1737\/revisions"}],"predecessor-version":[{"id":6255,"href":"https:\/\/gi-imperios.org\/blog\/pt\/wp-json\/wp\/v2\/posts\/1737\/revisions\/6255"}],"wp:featuredmedia":[{"embeddable":true,"href":"https:\/\/gi-imperios.org\/blog\/pt\/wp-json\/wp\/v2\/media\/1739"}],"wp:attachment":[{"href":"https:\/\/gi-imperios.org\/blog\/pt\/wp-json\/wp\/v2\/media?parent=1737"}],"wp:term":[{"taxonomy":"category","embeddable":true,"href":"https:\/\/gi-imperios.org\/blog\/pt\/wp-json\/wp\/v2\/categories?post=1737"},{"taxonomy":"post_tag","embeddable":true,"href":"https:\/\/gi-imperios.org\/blog\/pt\/wp-json\/wp\/v2\/tags?post=1737"}],"curies":[{"name":"wp","href":"https:\/\/api.w.org\/{rel}","templated":true}]}}