{"id":8286,"date":"2022-08-29T11:24:04","date_gmt":"2022-08-29T11:24:04","guid":{"rendered":"https:\/\/gi-imperios.org\/blog\/?p=8286"},"modified":"2022-08-29T11:24:04","modified_gmt":"2022-08-29T11:24:04","slug":"apa-2022-anthropology-and-film-programme","status":"publish","type":"post","link":"https:\/\/gi-imperios.org\/blog\/pt\/apa-2022-anthropology-and-film-programme\/","title":{"rendered":"Programa da Mostra de Antropologia e Cinema, APA 2022"},"content":{"rendered":"<p><img loading=\"lazy\" decoding=\"async\" class=\" wp-image-8287 alignleft\" src=\"https:\/\/gi-imperios.org\/blog\/wp-content\/uploads\/2022\/08\/MOSTRA_ANTROPOLOGIA_CINEMA_PT-724x1024-1-212x300.png\" alt=\"\" width=\"261\" height=\"369\" srcset=\"https:\/\/gi-imperios.org\/blog\/wp-content\/uploads\/2022\/08\/MOSTRA_ANTROPOLOGIA_CINEMA_PT-724x1024-1-212x300.png 212w, https:\/\/gi-imperios.org\/blog\/wp-content\/uploads\/2022\/08\/MOSTRA_ANTROPOLOGIA_CINEMA_PT-724x1024-1-250x354.png 250w, https:\/\/gi-imperios.org\/blog\/wp-content\/uploads\/2022\/08\/MOSTRA_ANTROPOLOGIA_CINEMA_PT-724x1024-1-550x778.png 550w, https:\/\/gi-imperios.org\/blog\/wp-content\/uploads\/2022\/08\/MOSTRA_ANTROPOLOGIA_CINEMA_PT-724x1024-1-127x180.png 127w, https:\/\/gi-imperios.org\/blog\/wp-content\/uploads\/2022\/08\/MOSTRA_ANTROPOLOGIA_CINEMA_PT-724x1024-1-354x500.png 354w, https:\/\/gi-imperios.org\/blog\/wp-content\/uploads\/2022\/08\/MOSTRA_ANTROPOLOGIA_CINEMA_PT-724x1024-1.png 724w\" sizes=\"auto, (max-width: 261px) 100vw, 261px\" \/><\/p>\n<div dir=\"auto\"><a href=\"https:\/\/apa2022.apantropologia.org\/mostra-de-antropologia-e-cinema\/\" target=\"_blank\" rel=\"noopener\"><strong>Mostra de Antropologia e Cinema<\/strong><\/a><\/div>\n<div dir=\"auto\">8\u00ba CONGRESSO DA ASSOCIA\u00c7\u00c3O PORTUGUESA DE ANTROPOLOGIA 2022: \u201cOs Novos Anos 20: Desafios, Incertezas e Resist\u00eancias\u201d<\/div>\n<div dir=\"auto\"><\/div>\n<div dir=\"auto\">Em 2022, a Mostra de Antropologia e Cinema do VIII Congresso da APA espalha-se pela cidade de \u00c9vora: no Jardim do Centro de Artes da Funda\u00e7\u00e3o Eug\u00e9nio de Almeida, no Audit\u00f3rio da mesma Funda\u00e7\u00e3o, ou no Audit\u00f3rio 131 do Col\u00e9gio Esp\u00edrito Santo da Universidade de \u00c9vora. S\u00e3o 25 filmes em 12 sess\u00f5es que convidamos a assistir.<\/div>\n<div dir=\"auto\"><\/div>\n<div dir=\"auto\"><\/div>\n<div dir=\"auto\">Juri:<\/div>\n<div dir=\"auto\">Amaya Sumpsi, CRIA \/ NOVA FCSH<\/div>\n<div dir=\"auto\">Gon\u00e7alo Mota, CETRAD<\/div>\n<div dir=\"auto\">In\u00eas Ponte, ICS-ULisboa (coord.)<\/div>\n<div dir=\"auto\">Lee Douglas, IHC-NOVA<\/div>\n<div dir=\"auto\">Rodrigo Lacerda, CRIA \/ NOVA FCSH (coord.)<\/div>\n<div dir=\"auto\">Catarina Barata, ICS-ULisboa<\/div>\n<div dir=\"auto\">Filipe Ferraz, ISCTE-CRIA<\/div>\n","protected":false},"excerpt":{"rendered":"<p>Programa da Mostra de Antropologia e Cinema Congresso da APA 2022, 6-9 Setembro.<\/p>\n","protected":false},"author":4,"featured_media":8289,"comment_status":"closed","ping_status":"closed","sticky":false,"template":"","format":"standard","meta":{"_cbd_carousel_blocks":"[]","_exactmetrics_skip_tracking":false,"_exactmetrics_sitenote_active":false,"_exactmetrics_sitenote_note":"","_exactmetrics_sitenote_category":0,"footnotes":""},"categories":[89,42],"tags":[96,102,285],"class_list":["post-8286","post","type-post","status-publish","format-standard","has-post-thumbnail","hentry","category-filme","category-divulgacao","tag-ethnography","tag-film","tag-visual-culture"],"translation":{"provider":"WPGlobus","version":"3.0.0","language":"pt","enabled_languages":["en","pt"],"languages":{"en":{"title":true,"content":true,"excerpt":true},"pt":{"title":true,"content":true,"excerpt":true}}},"_links":{"self":[{"href":"https:\/\/gi-imperios.org\/blog\/pt\/wp-json\/wp\/v2\/posts\/8286","targetHints":{"allow":["GET"]}}],"collection":[{"href":"https:\/\/gi-imperios.org\/blog\/pt\/wp-json\/wp\/v2\/posts"}],"about":[{"href":"https:\/\/gi-imperios.org\/blog\/pt\/wp-json\/wp\/v2\/types\/post"}],"author":[{"embeddable":true,"href":"https:\/\/gi-imperios.org\/blog\/pt\/wp-json\/wp\/v2\/users\/4"}],"replies":[{"embeddable":true,"href":"https:\/\/gi-imperios.org\/blog\/pt\/wp-json\/wp\/v2\/comments?post=8286"}],"version-history":[{"count":2,"href":"https:\/\/gi-imperios.org\/blog\/pt\/wp-json\/wp\/v2\/posts\/8286\/revisions"}],"predecessor-version":[{"id":8291,"href":"https:\/\/gi-imperios.org\/blog\/pt\/wp-json\/wp\/v2\/posts\/8286\/revisions\/8291"}],"wp:featuredmedia":[{"embeddable":true,"href":"https:\/\/gi-imperios.org\/blog\/pt\/wp-json\/wp\/v2\/media\/8289"}],"wp:attachment":[{"href":"https:\/\/gi-imperios.org\/blog\/pt\/wp-json\/wp\/v2\/media?parent=8286"}],"wp:term":[{"taxonomy":"category","embeddable":true,"href":"https:\/\/gi-imperios.org\/blog\/pt\/wp-json\/wp\/v2\/categories?post=8286"},{"taxonomy":"post_tag","embeddable":true,"href":"https:\/\/gi-imperios.org\/blog\/pt\/wp-json\/wp\/v2\/tags?post=8286"}],"curies":[{"name":"wp","href":"https:\/\/api.w.org\/{rel}","templated":true}]}}