{"id":10569,"date":"2024-10-31T10:57:44","date_gmt":"2024-10-31T10:57:44","guid":{"rendered":"https:\/\/gi-imperios.org\/blog\/?p=10569"},"modified":"2024-10-28T16:06:56","modified_gmt":"2024-10-28T16:06:56","slug":"o-essequibo-enquanto-zona-de-transicao-reclamacao-e-fronteira-7-nov-2024","status":"publish","type":"post","link":"https:\/\/gi-imperios.org\/blog\/o-essequibo-enquanto-zona-de-transicao-reclamacao-e-fronteira-7-nov-2024\/","title":{"rendered":"O Essequibo enquanto zona de transi\u00e7\u00e3o, reclama\u00e7\u00e3o e fronteira | 7 nov 2024"},"content":{"rendered":"<p><img loading=\"lazy\" decoding=\"async\" class=\"size-medium wp-image-10570 alignleft\" src=\"https:\/\/gi-imperios.org\/blog\/wp-content\/uploads\/2024\/10\/cartaz-marcelo-final-300x169.png\" alt=\"\" width=\"300\" height=\"169\" srcset=\"https:\/\/gi-imperios.org\/blog\/wp-content\/uploads\/2024\/10\/cartaz-marcelo-final-300x169.png 300w, https:\/\/gi-imperios.org\/blog\/wp-content\/uploads\/2024\/10\/cartaz-marcelo-final-1024x576.png 1024w, https:\/\/gi-imperios.org\/blog\/wp-content\/uploads\/2024\/10\/cartaz-marcelo-final-768x432.png 768w, https:\/\/gi-imperios.org\/blog\/wp-content\/uploads\/2024\/10\/cartaz-marcelo-final-250x141.png 250w, https:\/\/gi-imperios.org\/blog\/wp-content\/uploads\/2024\/10\/cartaz-marcelo-final-550x309.png 550w, https:\/\/gi-imperios.org\/blog\/wp-content\/uploads\/2024\/10\/cartaz-marcelo-final-800x450.png 800w, https:\/\/gi-imperios.org\/blog\/wp-content\/uploads\/2024\/10\/cartaz-marcelo-final-320x180.png 320w, https:\/\/gi-imperios.org\/blog\/wp-content\/uploads\/2024\/10\/cartaz-marcelo-final-533x300.png 533w, https:\/\/gi-imperios.org\/blog\/wp-content\/uploads\/2024\/10\/cartaz-marcelo-final-889x500.png 889w, https:\/\/gi-imperios.org\/blog\/wp-content\/uploads\/2024\/10\/cartaz-marcelo-final.png 1280w\" sizes=\"auto, (max-width: 300px) 100vw, 300px\" \/>No dia 7 de novembro, Marcelo Moura Mello ( Universidade Federal da Bahia) ser\u00e1 o orador convidado de um semin\u00e1rio conjunto dos Grupos de Investiga\u00e7\u00e3o Imp\u00e9rios e Diversidades, com organiza\u00e7\u00e3o dos investigadores Iracema Dulley e Matheus Serva Pereira. O tema para esta sess\u00e3o ser\u00e1 <em>O Essequibo enquanto zona de transi\u00e7\u00e3o, reclama\u00e7\u00e3o e fronteira.\u00a0<\/em>A partir das 11h, na Sala 3 do ICS-ULisboa e\u00a0<a href=\"https:\/\/videoconf-colibri.zoom.us\/j\/93445154119?pwd=5VcdrhKA7CIsvBv2ww1NWyDA1YBqyK.1\" target=\"_blank\" rel=\"noopener\">online<\/a>.<\/p>\n<p class=\"rteindent1\">Resumo da palestra: Em seu j\u00e1 cl\u00e1ssico balan\u00e7o bibliogr\u00e1fico acerca do Caribe, Michel-Rolph Trouillot elegeu como cerne de sua an\u00e1lise os enquadramentos te\u00f3ricos, conceituais, epistemol\u00f3gicos, hist\u00f3ricos e geogr\u00e1ficos da regi\u00e3o, interrogando como disciplinas acad\u00eamicas \u2013 como a antropologia, mas n\u00e3o s\u00f3 \u2013 delimitam unidades emp\u00edricas. Para Trouillot, o car\u00e1ter \u201cindisciplinado\u201d da regi\u00e3o, sua heterogeneidade e a hist\u00f3ria de longa dura\u00e7\u00e3o do colonialismo colocam em xeque delimita\u00e7\u00f5es emp\u00edricas r\u00edgidas, bem como os pressupostos acerca da unidade e singularidade da regi\u00e3o. Baseada em pesquisa emp\u00edrica realizada em uma \u00e1rea de fronteira localizada entre o Caribe e a Amaz\u00f4nia, esta comunica\u00e7\u00e3o se debru\u00e7a sobre o Essequibo, regi\u00e3o mais extensa da Guiana (antiga Guiana Brit\u00e2nica) reivindicada pela Republica Bolivariana da Venezuela. Em um primeiro momento, reconstituirei brevemente, com base em fontes secund\u00e1rias, a forma\u00e7\u00e3o hist\u00f3rica do Essequibo, destacando a atua\u00e7\u00e3o de agentes coloniais de distintas origens (holandeses, espanh\u00f3is, portugueses e brit\u00e2nicos) e o papel fundamental de povos ind\u00edgenas na pr\u00f3pria conforma\u00e7\u00e3o das fronteiras do Essequibo. A seguir, levando a cabo um exerc\u00edcio de antropologia da hist\u00f3ria \u2013 isto \u00e9, um enfoque no modo pelo qual pessoas comuns estabelecem nexos temporais e sentem que est\u00e3o em contato direto com o passado \u2013, descrevo a maneira pela qual guianenses concebem seus modos de pertencimento e seus v\u00ednculos com o Essequibo em um contexto marcado tanto pelo recrudescimento das reivindica\u00e7\u00f5es de dom\u00ednio territorial da Venezuela como pela intensa circula\u00e7\u00e3o de venezuelanos pelo pa\u00eds.<\/p>\n<p class=\"rteindent1\">Esta comunica\u00e7\u00e3o resulta de miss\u00e3o de pesquisa, intitulada \u201cVozes do Essequibo\u201d, realizada com o apoio do Centro de Estudos de Migra\u00e7\u00f5es Internacionais da Unicamp e da Pr\u00f3-Reitoria de Pesquisa da mesma universidade.<\/p>\n<p>Sobre o palestrante: Marcelo Moura Mello \u00e9 professor adjunto do Departamento de Antropologia e Etnologia da Universidade Federal da Bahia (UFBA), investigador do Centro de Estudos Afro-Orientais e co-editor de Afro-\u00c1sia. Atualmente, \u00e9 Diretor da Faculdade de Filosofia e Ci\u00eancias Humanas da UFBA. Marcelo \u00e9 tamb\u00e9m investigador colaborador do Centro de Estudos de Migra\u00e7\u00f5es Internacionais (CEMI) da Universidade Estadual de Campinas (Unicamp). Nos \u00faltimos anos, o seu trabalho de investiga\u00e7\u00e3o concentrou-se na Guiana, antiga Guiana Brit\u00e2nica.<\/p>\n","protected":false},"excerpt":{"rendered":"<p>Palestra O Essequibo enquanto zona de transi\u00e7\u00e3o, reclama\u00e7\u00e3o e fronteira, proferida por Marcelo Moura Mello (UFBA) | 07 nov 2024 | 11H | ICS-ULisboa<\/p>\n","protected":false},"author":8,"featured_media":10570,"comment_status":"closed","ping_status":"closed","sticky":false,"template":"","format":"standard","meta":{"_cbd_carousel_blocks":"[]","_exactmetrics_skip_tracking":false,"_exactmetrics_sitenote_active":false,"_exactmetrics_sitenote_note":"","_exactmetrics_sitenote_category":0,"footnotes":""},"categories":[32,42],"tags":[147,377],"class_list":["post-10569","post","type-post","status-publish","format-standard","has-post-thumbnail","hentry","category-encontro","category-divulgacao","tag-anthropology","tag-caribe"],"translation":{"provider":"WPGlobus","version":"3.0.0","language":"en","enabled_languages":["en","pt"],"languages":{"en":{"title":true,"content":true,"excerpt":true},"pt":{"title":true,"content":true,"excerpt":true}}},"_links":{"self":[{"href":"https:\/\/gi-imperios.org\/blog\/wp-json\/wp\/v2\/posts\/10569","targetHints":{"allow":["GET"]}}],"collection":[{"href":"https:\/\/gi-imperios.org\/blog\/wp-json\/wp\/v2\/posts"}],"about":[{"href":"https:\/\/gi-imperios.org\/blog\/wp-json\/wp\/v2\/types\/post"}],"author":[{"embeddable":true,"href":"https:\/\/gi-imperios.org\/blog\/wp-json\/wp\/v2\/users\/8"}],"replies":[{"embeddable":true,"href":"https:\/\/gi-imperios.org\/blog\/wp-json\/wp\/v2\/comments?post=10569"}],"version-history":[{"count":3,"href":"https:\/\/gi-imperios.org\/blog\/wp-json\/wp\/v2\/posts\/10569\/revisions"}],"predecessor-version":[{"id":10619,"href":"https:\/\/gi-imperios.org\/blog\/wp-json\/wp\/v2\/posts\/10569\/revisions\/10619"}],"wp:featuredmedia":[{"embeddable":true,"href":"https:\/\/gi-imperios.org\/blog\/wp-json\/wp\/v2\/media\/10570"}],"wp:attachment":[{"href":"https:\/\/gi-imperios.org\/blog\/wp-json\/wp\/v2\/media?parent=10569"}],"wp:term":[{"taxonomy":"category","embeddable":true,"href":"https:\/\/gi-imperios.org\/blog\/wp-json\/wp\/v2\/categories?post=10569"},{"taxonomy":"post_tag","embeddable":true,"href":"https:\/\/gi-imperios.org\/blog\/wp-json\/wp\/v2\/tags?post=10569"}],"curies":[{"name":"wp","href":"https:\/\/api.w.org\/{rel}","templated":true}]}}